{"id":169,"date":"2013-11-21T22:33:03","date_gmt":"2013-11-21T22:33:03","guid":{"rendered":"http:\/\/anima-sognante.eu\/?p=169"},"modified":"2015-02-26T12:46:48","modified_gmt":"2015-02-26T12:46:48","slug":"la-recensione-di-laura-bellini-su-sole-e-luna","status":"publish","type":"post","link":"http:\/\/anima-sognante.eu\/?p=169","title":{"rendered":"La recensione di Laura Bellini"},"content":{"rendered":"<p>La storia \u00e8 ambientata nei primi anni del Novecento. La Signorina Trachta, orfana, attende l\u2019arrivo del fratello Ludwig e la promessa di lui di condurla via da quelle mura che per lei sono una prigione. Ludwig, un fratello di cui lei non ricorda nulla, separati quando era ancora troppo piccola per conservare una vera memoria del loro rapporto. Lei non conosce la storia di famiglia, sa solo che a un certo punto la madre l\u2019aveva presa e condotta lontano, via dal padre e dal fratello per poi abbandonarla, morendo, in quel collegio.\u00a0Con il fratello spera di cambiare vita, di essere finalmente libera, ma la realt\u00e0 \u00e8 ben diversa dalle sue fantasie. La sua prigione non sar\u00e0 pi\u00f9 costituita dalle solide mura del collegio, ma verr\u00e0 tessuta con pareti ancora pi\u00f9 resistenti dal rapporto morboso che Ludwig instaura con lei.<br \/>\nLa nuova vita la porta a conoscere Costantino, amico del fratello con il quale aveva frequentato gli stessi corsi di studio prima di partire per la guerra. Costantino, a differenza di Ludwig, \u00e8 un ragazzo fragile, bisognoso di cure poich\u00e9 conscio di aver contratto una terribile malattia al fronte inalando gas tossici. Mano a mano che la storia si evolve troviamo la nostra protagonista sempre pi\u00f9 distante dai rapporti che si era costruita fino a quel momento; prima si allontana dall\u2019amica di sempre, Evelina, poi anche il legame con Costantino inizia a vacillare e questo solo perch\u00e9 nella sua anima rimbomba un nome: Ludwig.<br \/>\nIl fascino che il fratello esercita su di lei \u00e8 irresistibile, se ne sente attratta come fosse un magnete e il sentimento sembra essere ricambiato. Ci\u00f2 che lei non sa, per\u00f2, che nemmeno sospetta, \u00e8 che il loro legame nasconde pericolosi segreti, torbidi sentimenti che avvelenano l\u2019anima fino a renderla sterile e depravata.<br \/>\nMariana intesse la sua storia con un intreccio vorticoso che cattura l\u2019attenzione del lettore pagina dopo pagina anche quando ci\u00f2 che si legge tocca profondamente la nostra sensibilit\u00e0. Affronta un tema pericoloso e lo fa con parole dure, senza mezzi termini, non risparmia al lettore immagini che appaiono perfino pericolose.<br \/>\nImpossibile non provare affetto per il delicato Costantino, pena per la venale Clotilde (che poi tanto venale non sar\u00e0!) o attrazione per il fascino misterioso di Ludwig.<br \/>\nOgni personaggio descritto deve affrontare un suo inferno personale, questo permette all\u2019autrice di disporre di loro donandogli una personalit\u00e0 unica che li contraddistingue per tutto il romanzo. \u0400 una storia dura, cupa, dove il riscatto sembra non poter arrivare mai, ma \u00e8 anche una storia che sapr\u00e0 sorprendere il lettore per la delicatezza di alcuni suoi passaggi.<br \/>\nSe amate i romanzi che vi faranno discutere, arrabbiare, forse scandalizzare, allora questo libro \u00e8 proprio stato scritto per voi!<\/p>\n<p><a href=\"http:\/\/www.butterfly-edizioni.com\/autori-a-l\/laura-bellini\/\">Laura Bellini<\/a>, scrittrice:<br \/>\n&#8220;Il mondo dopo te&#8221;, &#8220;Il gioco dei ricordi&#8221;, &#8220;Quel nome portato dal vento&#8221;<\/p>\n<p><a href=\"http:\/\/anima-sognante.eu\/wp-content\/uploads\/2013\/11\/Vintage-Girl-150x150.jpg\"><img loading=\"lazy\" class=\"aligncenter size-full wp-image-174\" alt=\"Vintage-Girl-150x150\" src=\"http:\/\/anima-sognante.eu\/wp-content\/uploads\/2013\/11\/Vintage-Girl-150x150.jpg\" width=\"150\" height=\"150\" \/><\/a><\/p>\n<p>&nbsp;<\/p>\n","protected":false},"excerpt":{"rendered":"<p>La storia \u00e8 ambientata nei primi anni del Novecento. La Signorina Trachta, orfana, attende l\u2019arrivo del fratello Ludwig e la promessa di lui di condurla via da quelle mura che per lei sono una prigione. Ludwig, un fratello di cui &hellip; <a href=\"http:\/\/anima-sognante.eu\/?p=169\">Continua a leggere<span class=\"meta-nav\">&rarr;<\/span><\/a><\/p>\n","protected":false},"author":2,"featured_media":170,"comment_status":"open","ping_status":"open","sticky":false,"template":"","format":"standard","meta":[],"categories":[1],"tags":[],"_links":{"self":[{"href":"http:\/\/anima-sognante.eu\/index.php?rest_route=\/wp\/v2\/posts\/169"}],"collection":[{"href":"http:\/\/anima-sognante.eu\/index.php?rest_route=\/wp\/v2\/posts"}],"about":[{"href":"http:\/\/anima-sognante.eu\/index.php?rest_route=\/wp\/v2\/types\/post"}],"author":[{"embeddable":true,"href":"http:\/\/anima-sognante.eu\/index.php?rest_route=\/wp\/v2\/users\/2"}],"replies":[{"embeddable":true,"href":"http:\/\/anima-sognante.eu\/index.php?rest_route=%2Fwp%2Fv2%2Fcomments&post=169"}],"version-history":[{"count":7,"href":"http:\/\/anima-sognante.eu\/index.php?rest_route=\/wp\/v2\/posts\/169\/revisions"}],"predecessor-version":[{"id":288,"href":"http:\/\/anima-sognante.eu\/index.php?rest_route=\/wp\/v2\/posts\/169\/revisions\/288"}],"wp:featuredmedia":[{"embeddable":true,"href":"http:\/\/anima-sognante.eu\/index.php?rest_route=\/wp\/v2\/media\/170"}],"wp:attachment":[{"href":"http:\/\/anima-sognante.eu\/index.php?rest_route=%2Fwp%2Fv2%2Fmedia&parent=169"}],"wp:term":[{"taxonomy":"category","embeddable":true,"href":"http:\/\/anima-sognante.eu\/index.php?rest_route=%2Fwp%2Fv2%2Fcategories&post=169"},{"taxonomy":"post_tag","embeddable":true,"href":"http:\/\/anima-sognante.eu\/index.php?rest_route=%2Fwp%2Fv2%2Ftags&post=169"}],"curies":[{"name":"wp","href":"https:\/\/api.w.org\/{rel}","templated":true}]}}