{"id":207,"date":"2014-03-13T23:34:19","date_gmt":"2014-03-13T23:34:19","guid":{"rendered":"http:\/\/anima-sognante.eu\/?p=207"},"modified":"2014-03-13T23:36:14","modified_gmt":"2014-03-13T23:36:14","slug":"lautore-di-bandiere-di-sangue-e-de-il-figlio-del-fuoco-recensisce-il-veleno-nellanima-su-in-mondadori-e-la-feltrinelli","status":"publish","type":"post","link":"http:\/\/anima-sognante.eu\/?p=207","title":{"rendered":"L&#8217;autore di &#8220;Bandiere di sangue&#8221; e &#8220;Il figlio del fuoco&#8221; recensisce Il Veleno nell&#8217;Anima su In Mondadori e La Feltrinelli"},"content":{"rendered":"<p>&#8220;\u2026 questo romanzo mi ha coinvolto parecchio. La storia \u00e8 concentrata su quattro personaggi profondi e ben delineati, eppure cos\u00ec diversi: l&#8217;insicura protagonista, l&#8217;imperscrutabile e seducente fratello Ludwig, la ben pi\u00f9 gioiosa Clotilde e suo fratello Costantino, gentile quanto sfortunato. All&#8217;autrice va dato merito di aver toccato temi delicati quali l&#8217;incesto e soprattutto per aver reso davvero vivide parecchie scene come se si stessero svolgendo davanti ai propri occhi. Il lettore viene proiettato in questa drammatica storia ambientata nei primi anni del &#8216;900, prima a Torino, per poi spostarsi verso la sontuosa dimora di famiglia, a Vienna, che custodisce foschi segreti, talvolta macabri. La relazione malsana tra la protagonista e il fratello \u00e8 descritta in maniera passionale, con punte di erotismo spinto, senza mai per\u00f2 cadere nel volgare, questo grazie ad uno stile elegante e fluido con cui l&#8217;autrice ci delizia per tutto il romanzo\u2026&#8221;<\/p>\n<p>Riccardo Giacchi<\/p>\n<p><a href=\"http:\/\/anima-sognante.eu\/wp-content\/uploads\/2014\/03\/Il-figlio-del-fuoco-220x313-195x279.png\"><img loading=\"lazy\" class=\"aligncenter size-full wp-image-208\" alt=\"Il-figlio-del-fuoco-220x313-195x279\" src=\"http:\/\/anima-sognante.eu\/wp-content\/uploads\/2014\/03\/Il-figlio-del-fuoco-220x313-195x279.png\" width=\"195\" height=\"279\" \/><\/a><\/p>\n<div><\/div>\n<div><a href=\"http:\/\/anima-sognante.eu\/wp-content\/uploads\/2014\/03\/Bandiere-di-sangue.jpg\"><img loading=\"lazy\" class=\"aligncenter size-full wp-image-209\" alt=\"Bandiere di sangue\" src=\"http:\/\/anima-sognante.eu\/wp-content\/uploads\/2014\/03\/Bandiere-di-sangue.jpg\" width=\"135\" height=\"180\" \/><\/a><\/div>\n","protected":false},"excerpt":{"rendered":"<p>&#8220;\u2026 questo romanzo mi ha coinvolto parecchio. La storia \u00e8 concentrata su quattro personaggi profondi e ben delineati, eppure cos\u00ec diversi: l&#8217;insicura protagonista, l&#8217;imperscrutabile e seducente fratello Ludwig, la ben pi\u00f9 gioiosa Clotilde e suo fratello Costantino, gentile quanto sfortunato. &hellip; <a href=\"http:\/\/anima-sognante.eu\/?p=207\">Continua a leggere<span class=\"meta-nav\">&rarr;<\/span><\/a><\/p>\n","protected":false},"author":2,"featured_media":0,"comment_status":"open","ping_status":"open","sticky":false,"template":"","format":"standard","meta":[],"categories":[1],"tags":[],"_links":{"self":[{"href":"http:\/\/anima-sognante.eu\/index.php?rest_route=\/wp\/v2\/posts\/207"}],"collection":[{"href":"http:\/\/anima-sognante.eu\/index.php?rest_route=\/wp\/v2\/posts"}],"about":[{"href":"http:\/\/anima-sognante.eu\/index.php?rest_route=\/wp\/v2\/types\/post"}],"author":[{"embeddable":true,"href":"http:\/\/anima-sognante.eu\/index.php?rest_route=\/wp\/v2\/users\/2"}],"replies":[{"embeddable":true,"href":"http:\/\/anima-sognante.eu\/index.php?rest_route=%2Fwp%2Fv2%2Fcomments&post=207"}],"version-history":[{"count":2,"href":"http:\/\/anima-sognante.eu\/index.php?rest_route=\/wp\/v2\/posts\/207\/revisions"}],"predecessor-version":[{"id":211,"href":"http:\/\/anima-sognante.eu\/index.php?rest_route=\/wp\/v2\/posts\/207\/revisions\/211"}],"wp:attachment":[{"href":"http:\/\/anima-sognante.eu\/index.php?rest_route=%2Fwp%2Fv2%2Fmedia&parent=207"}],"wp:term":[{"taxonomy":"category","embeddable":true,"href":"http:\/\/anima-sognante.eu\/index.php?rest_route=%2Fwp%2Fv2%2Fcategories&post=207"},{"taxonomy":"post_tag","embeddable":true,"href":"http:\/\/anima-sognante.eu\/index.php?rest_route=%2Fwp%2Fv2%2Ftags&post=207"}],"curies":[{"name":"wp","href":"https:\/\/api.w.org\/{rel}","templated":true}]}}