{"id":235,"date":"2014-10-06T15:03:00","date_gmt":"2014-10-06T15:03:00","guid":{"rendered":"http:\/\/anima-sognante.eu\/?p=235"},"modified":"2015-01-22T16:15:43","modified_gmt":"2015-01-22T16:15:43","slug":"il-veleno-nellanima-recensito-da-linda-bertasi","status":"publish","type":"post","link":"http:\/\/anima-sognante.eu\/?p=235","title":{"rendered":"Il Veleno nell&#8217;Anima recensito da Linda Bertasi"},"content":{"rendered":"<p>Un sentito &#8220;Grazie!&#8221; alla scrittrice Linda Bertasi per avere recensito\u00a0<em>Il Veleno nell&#8217;Anima <\/em>nel suo <a href=\"http:\/\/lindabertasi.blogspot.de\/2014\/10\/il-veleno-nellanima-di-mariana-fujerof.html\">blog<\/a>:<\/p>\n<p><em>&#8220;Se amate le storie forti in cui i protagonisti non sono permeati del fascino dell&#8217;eroe, dove la natura pi\u00f9 infida riaffiora sotto la patina del perbenismo, dove i protagonisti sono reali, vividi, dove le loro virt\u00f9 e debolezze si sfiorano con mano, questo \u00e8 il libro che fa per voi!&#8221;<\/em><\/p>\n<p>Linda Bertasi: <em>Il Rifugio<\/em>, <em>Destino di un amore<\/em>, <em>Il profumo del Sud<\/em>.<\/p>\n<p>&nbsp;<\/p>\n<p><a href=\"http:\/\/anima-sognante.eu\/wp-content\/uploads\/2014\/10\/Recensione-Veleno_Linda-\u00dfertasi.jpg\"><img loading=\"lazy\" class=\"aligncenter size-medium wp-image-236\" alt=\"Recensione Veleno_Linda \u00dfertasi\" src=\"http:\/\/anima-sognante.eu\/wp-content\/uploads\/2014\/10\/Recensione-Veleno_Linda-\u00dfertasi-300x300.jpg\" width=\"300\" height=\"300\" srcset=\"http:\/\/anima-sognante.eu\/wp-content\/uploads\/2014\/10\/Recensione-Veleno_Linda-\u00dfertasi-300x300.jpg 300w, http:\/\/anima-sognante.eu\/wp-content\/uploads\/2014\/10\/Recensione-Veleno_Linda-\u00dfertasi-150x150.jpg 150w, http:\/\/anima-sognante.eu\/wp-content\/uploads\/2014\/10\/Recensione-Veleno_Linda-\u00dfertasi.jpg 480w\" sizes=\"(max-width: 300px) 100vw, 300px\" \/><\/a><\/p>\n<p>&nbsp;<\/p>\n","protected":false},"excerpt":{"rendered":"<p>Un sentito &#8220;Grazie!&#8221; alla scrittrice Linda Bertasi per avere recensito\u00a0Il Veleno nell&#8217;Anima nel suo blog: &#8220;Se amate le storie forti in cui i protagonisti non sono permeati del fascino dell&#8217;eroe, dove la natura pi\u00f9 infida riaffiora sotto la patina del &hellip; <a href=\"http:\/\/anima-sognante.eu\/?p=235\">Continua a leggere<span class=\"meta-nav\">&rarr;<\/span><\/a><\/p>\n","protected":false},"author":2,"featured_media":0,"comment_status":"open","ping_status":"open","sticky":false,"template":"","format":"standard","meta":[],"categories":[1],"tags":[],"_links":{"self":[{"href":"http:\/\/anima-sognante.eu\/index.php?rest_route=\/wp\/v2\/posts\/235"}],"collection":[{"href":"http:\/\/anima-sognante.eu\/index.php?rest_route=\/wp\/v2\/posts"}],"about":[{"href":"http:\/\/anima-sognante.eu\/index.php?rest_route=\/wp\/v2\/types\/post"}],"author":[{"embeddable":true,"href":"http:\/\/anima-sognante.eu\/index.php?rest_route=\/wp\/v2\/users\/2"}],"replies":[{"embeddable":true,"href":"http:\/\/anima-sognante.eu\/index.php?rest_route=%2Fwp%2Fv2%2Fcomments&post=235"}],"version-history":[{"count":6,"href":"http:\/\/anima-sognante.eu\/index.php?rest_route=\/wp\/v2\/posts\/235\/revisions"}],"predecessor-version":[{"id":239,"href":"http:\/\/anima-sognante.eu\/index.php?rest_route=\/wp\/v2\/posts\/235\/revisions\/239"}],"wp:attachment":[{"href":"http:\/\/anima-sognante.eu\/index.php?rest_route=%2Fwp%2Fv2%2Fmedia&parent=235"}],"wp:term":[{"taxonomy":"category","embeddable":true,"href":"http:\/\/anima-sognante.eu\/index.php?rest_route=%2Fwp%2Fv2%2Fcategories&post=235"},{"taxonomy":"post_tag","embeddable":true,"href":"http:\/\/anima-sognante.eu\/index.php?rest_route=%2Fwp%2Fv2%2Ftags&post=235"}],"curies":[{"name":"wp","href":"https:\/\/api.w.org\/{rel}","templated":true}]}}