{"id":260,"date":"2015-01-22T16:10:26","date_gmt":"2015-01-22T16:10:26","guid":{"rendered":"http:\/\/anima-sognante.eu\/?p=260"},"modified":"2015-02-26T12:33:52","modified_gmt":"2015-02-26T12:33:52","slug":"la-scrittrice-daniela-jannuzzi-recensisce-il-veleno-nellanima-per-il-mondo-oltre-lo-specchio","status":"publish","type":"post","link":"http:\/\/anima-sognante.eu\/?p=260","title":{"rendered":"La scrittrice Daniela Jannuzzi recensisce Il Veleno nell&#8217;Anima per Il Mondo oltre lo Specchio"},"content":{"rendered":"<p>&#8220;Ho adorato le atmosfere particolari di questo libro, che per certi versi mi ha un po&#8217; ricordato &#8216;Il giardino dei Finzi-Contini&#8217;. La vita spensierata dei giovani ricchi che a causa delle atrocit\u00e0 della guerra non potr\u00e0 pi\u00f9 tornare a essere come prima, per quanto ci si provi. Il dover diventare adulti, il superamento delle proprie debolezze e la scoperta che non \u00e8 tutto oro quello che riluce.<br \/>\nL&#8217;autrice tratteggia con grande maestria i caratteri dei vari personaggi, in particolare quello di Ludwig: bambino non amato, giovane talentoso disegnatore, uomo dal fascino magnetico e crudele\u2026&#8221; (continua a leggere su <a title=\"Il Mondo oltre lo Specchio\" href=\"http:\/\/ilmondoltrelospecchio.blogspot.de\/2015\/01\/recensione-il-veleno-nellanima-titolo.html?spref=fb\"><em>Il Mondo oltre lo Specchio<\/em><\/a>)<\/p>\n<p>&nbsp;<\/p>\n<p><a href=\"http:\/\/anima-sognante.eu\/wp-content\/uploads\/2013\/10\/Mariana-in-the-South.g.jpg\"><img loading=\"lazy\" class=\"aligncenter size-medium wp-image-119\" alt=\"Mariana in the South.g\" src=\"http:\/\/anima-sognante.eu\/wp-content\/uploads\/2013\/10\/Mariana-in-the-South.g-187x300.jpg\" width=\"187\" height=\"300\" srcset=\"http:\/\/anima-sognante.eu\/wp-content\/uploads\/2013\/10\/Mariana-in-the-South.g-187x300.jpg 187w, http:\/\/anima-sognante.eu\/wp-content\/uploads\/2013\/10\/Mariana-in-the-South.g.jpg 250w\" sizes=\"(max-width: 187px) 100vw, 187px\" \/><\/a><\/p>\n<p>Daniela Jannuzzi \u00e8 l&#8217;autrice de\u00a0<em>Il Cuore e la Maschera<\/em>,\u00a0<em>La bambola<\/em>\u00a0e\u00a0<em>La maschera del passato<\/em><\/p>\n","protected":false},"excerpt":{"rendered":"<p>&#8220;Ho adorato le atmosfere particolari di questo libro, che per certi versi mi ha un po&#8217; ricordato &#8216;Il giardino dei Finzi-Contini&#8217;. La vita spensierata dei giovani ricchi che a causa delle atrocit\u00e0 della guerra non potr\u00e0 pi\u00f9 tornare a essere &hellip; <a href=\"http:\/\/anima-sognante.eu\/?p=260\">Continua a leggere<span class=\"meta-nav\">&rarr;<\/span><\/a><\/p>\n","protected":false},"author":2,"featured_media":0,"comment_status":"open","ping_status":"open","sticky":false,"template":"","format":"standard","meta":[],"categories":[1],"tags":[],"_links":{"self":[{"href":"http:\/\/anima-sognante.eu\/index.php?rest_route=\/wp\/v2\/posts\/260"}],"collection":[{"href":"http:\/\/anima-sognante.eu\/index.php?rest_route=\/wp\/v2\/posts"}],"about":[{"href":"http:\/\/anima-sognante.eu\/index.php?rest_route=\/wp\/v2\/types\/post"}],"author":[{"embeddable":true,"href":"http:\/\/anima-sognante.eu\/index.php?rest_route=\/wp\/v2\/users\/2"}],"replies":[{"embeddable":true,"href":"http:\/\/anima-sognante.eu\/index.php?rest_route=%2Fwp%2Fv2%2Fcomments&post=260"}],"version-history":[{"count":5,"href":"http:\/\/anima-sognante.eu\/index.php?rest_route=\/wp\/v2\/posts\/260\/revisions"}],"predecessor-version":[{"id":282,"href":"http:\/\/anima-sognante.eu\/index.php?rest_route=\/wp\/v2\/posts\/260\/revisions\/282"}],"wp:attachment":[{"href":"http:\/\/anima-sognante.eu\/index.php?rest_route=%2Fwp%2Fv2%2Fmedia&parent=260"}],"wp:term":[{"taxonomy":"category","embeddable":true,"href":"http:\/\/anima-sognante.eu\/index.php?rest_route=%2Fwp%2Fv2%2Fcategories&post=260"},{"taxonomy":"post_tag","embeddable":true,"href":"http:\/\/anima-sognante.eu\/index.php?rest_route=%2Fwp%2Fv2%2Ftags&post=260"}],"curies":[{"name":"wp","href":"https:\/\/api.w.org\/{rel}","templated":true}]}}