{"id":429,"date":"2020-05-07T14:11:34","date_gmt":"2020-05-07T14:11:34","guid":{"rendered":"http:\/\/anima-sognante.eu\/?p=429"},"modified":"2020-05-07T14:13:00","modified_gmt":"2020-05-07T14:13:00","slug":"luomo-che-regolava-i-conti-in-versione-ebook","status":"publish","type":"post","link":"http:\/\/anima-sognante.eu\/?p=429","title":{"rendered":"&#8220;L&#8217;uomo che regolava i conti&#8221; in versione eBook"},"content":{"rendered":"<div class=\"_2cuy _3dgx _2vxa\">\n<p>&#8220;L&#8217;uomo che regolava i conti&#8221;, Les Fl\u00e2neurs Edizioni, ora anche in versione <a href=\"https:\/\/www.amazon.it\/dp\/B087NWTCQW\">eBook<\/a>:<\/p>\n<\/div>\n<div class=\"_2cuy _3dgx _2vxa\">\u00c8 trascorso poco pi\u00f9 di un anno da quando Amedeo Gastaldi \u00e8 stato incarcerato per l\u2019omicidio della vicina di casa. Adesso, assolto per insufficienza di prove, si trova a doversi ricostruire una vita senza le sue belle suppellettili da collezione, vendute poco prima dell\u2019arresto; senza il caro amico Fabrizio, prematuramente scomparso; senza l\u2019adorata sorella, fu<span class=\"text_exposed_show\">ggita chiss\u00e0 dove. Nella sua solitudine sempre pi\u00f9 tetra e soffocante, lo scrittore maledetto dalle iridi nere come la notte si dedica anima e corpo al lavoro e, per cos\u00ec dire, alla coltivazione del proprio cinismo: ormai entrato in un vortice di autocompiacimento, misoginia e sfiducia verso il prossimo, Amedeo trover\u00e0 conforto solo nell\u2019amore mercenario e nella vendetta\u2026<\/span><\/div>\n<div class=\"_2cuy _3dgx _2vxa\"><\/div>\n<div class=\"_2cuy _3dgx _2vxa\"><a href=\"http:\/\/anima-sognante.eu\/wp-content\/uploads\/2020\/05\/PastedGraphic-3.jpg\"><img loading=\"lazy\" class=\"aligncenter size-medium wp-image-430\" src=\"http:\/\/anima-sognante.eu\/wp-content\/uploads\/2020\/05\/PastedGraphic-3-300x278.jpg\" alt=\"\" width=\"300\" height=\"278\" srcset=\"http:\/\/anima-sognante.eu\/wp-content\/uploads\/2020\/05\/PastedGraphic-3-300x278.jpg 300w, http:\/\/anima-sognante.eu\/wp-content\/uploads\/2020\/05\/PastedGraphic-3-768x712.jpg 768w, http:\/\/anima-sognante.eu\/wp-content\/uploads\/2020\/05\/PastedGraphic-3.jpg 960w\" sizes=\"(max-width: 300px) 100vw, 300px\" \/><\/a><\/div>\n","protected":false},"excerpt":{"rendered":"<p>&#8220;L&#8217;uomo che regolava i conti&#8221;, Les Fl\u00e2neurs Edizioni, ora anche in versione eBook: \u00c8 trascorso poco pi\u00f9 di un anno da quando Amedeo Gastaldi \u00e8 stato incarcerato per l\u2019omicidio della vicina di casa. Adesso, assolto per insufficienza di prove, si &hellip; <a href=\"http:\/\/anima-sognante.eu\/?p=429\">Continua a leggere<span class=\"meta-nav\">&rarr;<\/span><\/a><\/p>\n","protected":false},"author":2,"featured_media":0,"comment_status":"open","ping_status":"open","sticky":false,"template":"","format":"standard","meta":[],"categories":[1],"tags":[],"_links":{"self":[{"href":"http:\/\/anima-sognante.eu\/index.php?rest_route=\/wp\/v2\/posts\/429"}],"collection":[{"href":"http:\/\/anima-sognante.eu\/index.php?rest_route=\/wp\/v2\/posts"}],"about":[{"href":"http:\/\/anima-sognante.eu\/index.php?rest_route=\/wp\/v2\/types\/post"}],"author":[{"embeddable":true,"href":"http:\/\/anima-sognante.eu\/index.php?rest_route=\/wp\/v2\/users\/2"}],"replies":[{"embeddable":true,"href":"http:\/\/anima-sognante.eu\/index.php?rest_route=%2Fwp%2Fv2%2Fcomments&post=429"}],"version-history":[{"count":4,"href":"http:\/\/anima-sognante.eu\/index.php?rest_route=\/wp\/v2\/posts\/429\/revisions"}],"predecessor-version":[{"id":434,"href":"http:\/\/anima-sognante.eu\/index.php?rest_route=\/wp\/v2\/posts\/429\/revisions\/434"}],"wp:attachment":[{"href":"http:\/\/anima-sognante.eu\/index.php?rest_route=%2Fwp%2Fv2%2Fmedia&parent=429"}],"wp:term":[{"taxonomy":"category","embeddable":true,"href":"http:\/\/anima-sognante.eu\/index.php?rest_route=%2Fwp%2Fv2%2Fcategories&post=429"},{"taxonomy":"post_tag","embeddable":true,"href":"http:\/\/anima-sognante.eu\/index.php?rest_route=%2Fwp%2Fv2%2Ftags&post=429"}],"curies":[{"name":"wp","href":"https:\/\/api.w.org\/{rel}","templated":true}]}}