{"id":52,"date":"2013-09-01T21:02:02","date_gmt":"2013-09-01T21:02:02","guid":{"rendered":"http:\/\/anima-sognante.eu\/?p=52"},"modified":"2013-09-01T21:02:02","modified_gmt":"2013-09-01T21:02:02","slug":"da-torino-andreina-bert-su-il-veleno-nellanima","status":"publish","type":"post","link":"http:\/\/anima-sognante.eu\/?p=52","title":{"rendered":"Da Torino, Andreina Bert su &#8220;Il Veleno nell&#8217;Anima&#8221;\u2026"},"content":{"rendered":"<p>Il romanzo di Mariana Fujerof &#8220;Il Veleno nell&#8217;Anima&#8221; trasmette una toccante sofferenza e, al tempo stesso, una forte sensualit\u00e0. Fin dall&#8217;inizio, quando la protagonista pensa: &#8220;\u00c8 cos\u00ec, essere morti dentro. Esisto solo agli occhi degli altri come silenziosa e inutile presenza&#8221; si percepisce una tristezza di fondo che nel corso del romanzo ritorna anche nelle scene d&#8217;amore.<br \/>\nL&#8217;arrivo di un fratello, in un collegio di suore dove vive la signorina Trachta, porta un respiro nuovo, una sensazione di evasione. In seguito vari personaggi entrano a far parte della storia, ma Lennard d\u00e0 fastidio al fratello Ludwig e la sua fine \u00e8 descritta in modo freddo e agghiacciante. Il giovane pi\u00f9 dolce \u00e8 Costantino de Fresnay, ma non \u00e8 destinato a condividere la vita della donna amata.\u00a0Un legame incestuoso impedir\u00e0 ogni scelta della protagonista che terminer\u00e0 drammaticamente la storia.<br \/>\nBella la descrizione di Torino e toccanti le vicende dei vari personaggi. \u00c8 un libro che si legge tutto d&#8217;un fiato e coinvolge il lettore fino all&#8217;ultima pagina. Brava l&#8217;autrice Mariana Fujerof, ottima scrittrice, abile nel descrivere i rapporti sentimentali e le varie situazioni.<br \/>\nUn libro da non perdere e da gustare, anche nelle sue parti pi\u00f9 amare.<br \/>\nBella anche la copertina di Butterfly Edizioni: il fondo scuro sottolinea l&#8217;ambiguit\u00e0 della vicenda.<\/p>\n<p>Andreina Bert, scrittrice:<br \/>\n&#8220;La materia dei sogni&#8221;, &#8220;Qualcosa deve avvenire&#8221;, &#8220;Il nodo del tempo&#8221;, &#8220;La casa del passato&#8221;, &#8220;Romanzo Familiare&#8221;<\/p>\n<p><a href=\"http:\/\/anima-sognante.eu\/wp-content\/uploads\/2013\/08\/copertina1.jpg\"><img loading=\"lazy\" class=\"aligncenter size-medium wp-image-9\" alt=\"copertina\" src=\"http:\/\/anima-sognante.eu\/wp-content\/uploads\/2013\/08\/copertina1-212x300.jpg\" width=\"212\" height=\"300\" srcset=\"http:\/\/anima-sognante.eu\/wp-content\/uploads\/2013\/08\/copertina1-212x300.jpg 212w, http:\/\/anima-sognante.eu\/wp-content\/uploads\/2013\/08\/copertina1.jpg 354w\" sizes=\"(max-width: 212px) 100vw, 212px\" \/><\/a><\/p>\n<p>&nbsp;<\/p>\n<p><a href=\"http:\/\/anima-sognante.eu\/wp-content\/uploads\/2013\/09\/Mole.jpg\"><img loading=\"lazy\" class=\"aligncenter size-medium wp-image-53\" alt=\"Mole\" src=\"http:\/\/anima-sognante.eu\/wp-content\/uploads\/2013\/09\/Mole-183x300.jpg\" width=\"183\" height=\"300\" srcset=\"http:\/\/anima-sognante.eu\/wp-content\/uploads\/2013\/09\/Mole-183x300.jpg 183w, http:\/\/anima-sognante.eu\/wp-content\/uploads\/2013\/09\/Mole.jpg 246w\" sizes=\"(max-width: 183px) 100vw, 183px\" \/><\/a><\/p>\n","protected":false},"excerpt":{"rendered":"<p>Il romanzo di Mariana Fujerof &#8220;Il Veleno nell&#8217;Anima&#8221; trasmette una toccante sofferenza e, al tempo stesso, una forte sensualit\u00e0. Fin dall&#8217;inizio, quando la protagonista pensa: &#8220;\u00c8 cos\u00ec, essere morti dentro. Esisto solo agli occhi degli altri come silenziosa e inutile &hellip; <a href=\"http:\/\/anima-sognante.eu\/?p=52\">Continua a leggere<span class=\"meta-nav\">&rarr;<\/span><\/a><\/p>\n","protected":false},"author":2,"featured_media":0,"comment_status":"open","ping_status":"open","sticky":false,"template":"","format":"standard","meta":[],"categories":[1],"tags":[],"_links":{"self":[{"href":"http:\/\/anima-sognante.eu\/index.php?rest_route=\/wp\/v2\/posts\/52"}],"collection":[{"href":"http:\/\/anima-sognante.eu\/index.php?rest_route=\/wp\/v2\/posts"}],"about":[{"href":"http:\/\/anima-sognante.eu\/index.php?rest_route=\/wp\/v2\/types\/post"}],"author":[{"embeddable":true,"href":"http:\/\/anima-sognante.eu\/index.php?rest_route=\/wp\/v2\/users\/2"}],"replies":[{"embeddable":true,"href":"http:\/\/anima-sognante.eu\/index.php?rest_route=%2Fwp%2Fv2%2Fcomments&post=52"}],"version-history":[{"count":4,"href":"http:\/\/anima-sognante.eu\/index.php?rest_route=\/wp\/v2\/posts\/52\/revisions"}],"predecessor-version":[{"id":57,"href":"http:\/\/anima-sognante.eu\/index.php?rest_route=\/wp\/v2\/posts\/52\/revisions\/57"}],"wp:attachment":[{"href":"http:\/\/anima-sognante.eu\/index.php?rest_route=%2Fwp%2Fv2%2Fmedia&parent=52"}],"wp:term":[{"taxonomy":"category","embeddable":true,"href":"http:\/\/anima-sognante.eu\/index.php?rest_route=%2Fwp%2Fv2%2Fcategories&post=52"},{"taxonomy":"post_tag","embeddable":true,"href":"http:\/\/anima-sognante.eu\/index.php?rest_route=%2Fwp%2Fv2%2Ftags&post=52"}],"curies":[{"name":"wp","href":"https:\/\/api.w.org\/{rel}","templated":true}]}}